{"id":589,"date":"2017-09-29T13:38:49","date_gmt":"2017-09-29T12:38:49","guid":{"rendered":"https:\/\/globelife.com\/news\/parlux\/?p=589"},"modified":"2022-02-10T09:55:18","modified_gmt":"2022-02-10T08:55:18","slug":"novita","status":"publish","type":"post","link":"https:\/\/globelife.com\/news\/parlux\/2017\/09\/29\/novita\/","title":{"rendered":"Evento per parrucchieri: PARLUX Advance\u00ae &#8220;Blue 40 anni&#8221; \u2764\ufe0f  un phon per celebrare i 40 anni Parlux  anche in Brasile!"},"content":{"rendered":"<a href=\"https:\/\/globelife.com\/news\/parlux\/files\/2017\/09\/Parlux_BeautyFair2017Brasile_MyNews_1.jpg\"><img loading=\"lazy\" decoding=\"async\" class=\"aligncenter size-full wp-image-592\" src=\"data:image\/gif;base64,R0lGODlhAQABAAAAACH5BAEKAAEALAAAAAABAAEAAAICTAEAOw==\" data-src=\"https:\/\/globelife.com\/news\/parlux\/files\/2017\/09\/Parlux_BeautyFair2017Brasile_MyNews_1.jpg\" alt=\"Parlux_Advance_40anni\" width=\"500\" height=\"375\" srcset=\"https:\/\/globelife.com\/news\/parlux\/files\/2017\/09\/Parlux_BeautyFair2017Brasile_MyNews_1.jpg 500w, https:\/\/globelife.com\/news\/parlux\/files\/2017\/09\/Parlux_BeautyFair2017Brasile_MyNews_1-300x225.jpg 300w\" sizes=\"auto, (max-width: 500px) 100vw, 500px\" \/><noscript><img loading=\"lazy\" decoding=\"async\" class=\"aligncenter size-full wp-image-592\" src=\"https:\/\/globelife.com\/news\/parlux\/files\/2017\/09\/Parlux_BeautyFair2017Brasile_MyNews_1.jpg\" alt=\"Parlux_Advance_40anni\" width=\"500\" height=\"375\" srcset=\"https:\/\/globelife.com\/news\/parlux\/files\/2017\/09\/Parlux_BeautyFair2017Brasile_MyNews_1.jpg 500w, https:\/\/globelife.com\/news\/parlux\/files\/2017\/09\/Parlux_BeautyFair2017Brasile_MyNews_1-300x225.jpg 300w\" sizes=\"auto, (max-width: 500px) 100vw, 500px\" \/><\/noscript><\/a>\n<p><strong>PARLUX<\/strong>, nota azienda di phon professionali per capelli di Trezzano sul Naviglio (Milano), ha partecipato alla fiera<em> Beauty Fair <\/em>di San Paolo, ove erano presenti\u00a0i marchi internazionali pi\u00f9 prestigiosi del settore acconciatura.<\/p>\n<p>In questa occasione, grande evidenza per il phon <strong>PARLUX Advance\u00ae<em> \u201cBlu 40 anni\u201d<\/em><\/strong>, versione commemorativa dell\u2019importante anniversario aziendale.<\/p>\n<p>Anche quest\u2019anno, moltissimo il pubblico di operatori specializzati in visita alla pi\u00f9 importante fiera dedicata al beauty, all\u2019acconciatura e all\u2019estetica, in programma ogni anno a San Paolo (Brasile) nel mese di settembre.<br \/>\nDal 9 al 12 settembre scorsi infatti, il centro espositivo Center Norte della grande citt\u00e0 brasiliana \u00e8 stato il punto di incontro per pi\u00f9 di 500 espositori e per pi\u00f9 di 148 mila visitatori!<br \/>\nProdotti e servizi novit\u00e0, corsi di aggiornamento, live show di acconciatura ed estetica, seminari tecnici e incontri professionali con i maggiori esperti del settore brasiliani e non solo,\u00a0 hanno caratterizzato questa 4 giorni dedicata ad ogni aspetto professionale del \u201cbeauty world\u201d.<\/p>\n<p><strong>PARLUX, <\/strong>apprezzato marchio italiano, sinonimo di asciugacapelli professionali di qualit\u00e0, presente sul mercato brasiliano da molti anni, ha attirato l\u2019attenzione dei visitatori grazie ad uno stand dedicato al \u00a0suo phon pi\u00f9 moderno e tecnologicamente avanzato, il <strong>PARLUX Advance\u00ae.<br \/>\n<\/strong>Un apparecchio professionale, vero best seller della categoria, disponibile in molteplici versioni colorate, e solo per quest\u2019anno, nella speciale versione limitata e commemorativa<strong><em> \u201cBlu opaco 40 anni\u201d<\/em>,<\/strong> (con logo Parlux 40 anni \u2013 proprio per ricordare i 40 anni di attivit\u00e0 dell\u2019azienda)<br \/>\nDalla colorazione nuova e mai utilizzata in precedenza, garantisce qualit\u00e0 ed efficienza totali per assicurare sempre al professionista del settore, potenza, (nuovo motore <strong>K Advance\u00ae<\/strong>) leggerezza, ottimo bilanciamento, perfetta maneggevolezza, velocit\u00e0 di asciugatura ed affidabilit\u00e0, sia in salone che in pedana o durante le competizioni di acconciatura.<\/p>\n<p>Tutti i phon <strong>PARLUX\u00a0Advance\u00ae<\/strong>\u00a0cos\u00ec come la versione limitata e commemorativa 2017, \u00a0<em><strong>\u201cBlu opaco 40 anni\u201d<\/strong><\/em> sono distribuiti in Brasile da Beauty Top.<\/p>\n<a href=\"https:\/\/globelife.com\/news\/parlux\/files\/2017\/09\/Parlux_BeautyFair2017Brasile_MyNews_2.jpg\"><img loading=\"lazy\" decoding=\"async\" class=\"aligncenter size-full wp-image-591\" src=\"data:image\/gif;base64,R0lGODlhAQABAAAAACH5BAEKAAEALAAAAAABAAEAAAICTAEAOw==\" data-src=\"https:\/\/globelife.com\/news\/parlux\/files\/2017\/09\/Parlux_BeautyFair2017Brasile_MyNews_2.jpg\" alt=\"Parlux_Advance_40anni\" width=\"500\" height=\"667\" srcset=\"https:\/\/globelife.com\/news\/parlux\/files\/2017\/09\/Parlux_BeautyFair2017Brasile_MyNews_2.jpg 500w, https:\/\/globelife.com\/news\/parlux\/files\/2017\/09\/Parlux_BeautyFair2017Brasile_MyNews_2-225x300.jpg 225w\" sizes=\"auto, (max-width: 500px) 100vw, 500px\" \/><noscript><img loading=\"lazy\" decoding=\"async\" class=\"aligncenter size-full wp-image-591\" src=\"https:\/\/globelife.com\/news\/parlux\/files\/2017\/09\/Parlux_BeautyFair2017Brasile_MyNews_2.jpg\" alt=\"Parlux_Advance_40anni\" width=\"500\" height=\"667\" srcset=\"https:\/\/globelife.com\/news\/parlux\/files\/2017\/09\/Parlux_BeautyFair2017Brasile_MyNews_2.jpg 500w, https:\/\/globelife.com\/news\/parlux\/files\/2017\/09\/Parlux_BeautyFair2017Brasile_MyNews_2-225x300.jpg 225w\" sizes=\"auto, (max-width: 500px) 100vw, 500px\" \/><\/noscript><\/a>\n","protected":false},"excerpt":{"rendered":"<p>PARLUX, nota azienda di phon professionali per capelli di Trezzano sul Naviglio (Milano), ha partecipato alla fiera Beauty Fair di San Paolo, ove erano presenti\u00a0i marchi internazionali pi\u00f9 prestigiosi del settore acconciatura. In questa occasione, grande evidenza per il phon PARLUX Advance\u00ae \u201cBlu 40 anni\u201d, versione commemorativa dell\u2019importante anniversario aziendale. Anche quest\u2019anno, moltissimo il pubblico&#8230;  <a class=\"excerpt-read-more\" href=\"https:\/\/globelife.com\/news\/parlux\/2017\/09\/29\/novita\/\" title=\"ReadEvento per parrucchieri: PARLUX Advance\u00ae &#8220;Blue 40 anni&#8221; \u2764\ufe0f  un phon per celebrare i 40 anni Parlux  anche in Brasile!\">Read more &raquo;<\/a><\/p>\n","protected":false},"author":152,"featured_media":592,"comment_status":"closed","ping_status":"closed","sticky":false,"template":"","format":"standard","meta":{"footnotes":""},"categories":[1],"tags":[],"class_list":["post-589","post","type-post","status-publish","format-standard","has-post-thumbnail","hentry","category-senza-categoria"],"_links":{"self":[{"href":"https:\/\/globelife.com\/news\/parlux\/wp-json\/wp\/v2\/posts\/589","targetHints":{"allow":["GET"]}}],"collection":[{"href":"https:\/\/globelife.com\/news\/parlux\/wp-json\/wp\/v2\/posts"}],"about":[{"href":"https:\/\/globelife.com\/news\/parlux\/wp-json\/wp\/v2\/types\/post"}],"author":[{"embeddable":true,"href":"https:\/\/globelife.com\/news\/parlux\/wp-json\/wp\/v2\/users\/152"}],"replies":[{"embeddable":true,"href":"https:\/\/globelife.com\/news\/parlux\/wp-json\/wp\/v2\/comments?post=589"}],"version-history":[{"count":1,"href":"https:\/\/globelife.com\/news\/parlux\/wp-json\/wp\/v2\/posts\/589\/revisions"}],"predecessor-version":[{"id":1473,"href":"https:\/\/globelife.com\/news\/parlux\/wp-json\/wp\/v2\/posts\/589\/revisions\/1473"}],"wp:featuredmedia":[{"embeddable":true,"href":"https:\/\/globelife.com\/news\/parlux\/wp-json\/wp\/v2\/media\/592"}],"wp:attachment":[{"href":"https:\/\/globelife.com\/news\/parlux\/wp-json\/wp\/v2\/media?parent=589"}],"wp:term":[{"taxonomy":"category","embeddable":true,"href":"https:\/\/globelife.com\/news\/parlux\/wp-json\/wp\/v2\/categories?post=589"},{"taxonomy":"post_tag","embeddable":true,"href":"https:\/\/globelife.com\/news\/parlux\/wp-json\/wp\/v2\/tags?post=589"}],"curies":[{"name":"wp","href":"https:\/\/api.w.org\/{rel}","templated":true}]}}