{"id":1032,"date":"2016-10-25T09:55:15","date_gmt":"2016-10-25T07:55:15","guid":{"rendered":"http:\/\/globelife.com\/rappresentantiparrucchieri\/?p=1032"},"modified":"2016-10-25T09:55:15","modified_gmt":"2016-10-25T07:55:15","slug":"cercasi-agenti-settore-beauty-health","status":"publish","type":"post","link":"https:\/\/globelife.com\/rappresentantiparrucchieri\/cercasi-agenti-settore-beauty-health.html","title":{"rendered":"Cercasi agenti settore Beauty-Health"},"content":{"rendered":"<p>Azienda leader in Europa nel settore Beauty-Health<br \/>\ncon prestigiosi marchi come Jean Kl\u00e9bert, Gil Cagn\u00e9,<br \/>\nEpil Specialist e Centro Mess\u00e9gu\u00e9,<br \/>\nche commercializza prodotti cosmetici,<br \/>\ndietetici e tecnologie per l&#8217;Estetica professionale,<br \/>\nFarmacie e Centri di Medicina estetica<\/p>\n<p><strong>RICERCA AGENTI di COMMERCIO.<\/strong><\/p>\n<p>Inviare CV con Aut. Tratt. Dati (Dlgs 196\/03) a info@globelife.com indicando Rif. 88<\/p>\n","protected":false},"excerpt":{"rendered":"<p>Azienda leader in Europa nel settore Beauty-Health con prestigiosi marchi come Jean Kl\u00e9bert, Gil Cagn\u00e9, Epil Specialist e Centro Mess\u00e9gu\u00e9, che commercializza prodotti cosmetici, dietetici e tecnologie per l&#8217;Estetica professionale, Farmacie e Centri di Medicina estetica RICERCA AGENTI di COMMERCIO. Inviare CV con Aut. Tratt. Dati (Dlgs 196\/03) a info@globelife.com indicando Rif. 88<\/p>\n","protected":false},"author":2,"featured_media":0,"comment_status":"open","ping_status":"open","sticky":false,"template":"","format":"standard","meta":[],"categories":[2],"tags":[],"yoast_head":"<!-- This site is optimized with the Yoast SEO plugin v20.10 - https:\/\/yoast.com\/wordpress\/plugins\/seo\/ -->\n<title>Cercasi agenti settore Beauty-Health \u2764\ufe0f -<\/title>\n<meta name=\"robots\" content=\"index, follow, max-snippet:-1, max-image-preview:large, max-video-preview:-1\" \/>\n<link rel=\"canonical\" href=\"https:\/\/globelife.com\/rappresentantiparrucchieri\/cercasi-agenti-settore-beauty-health.html\" \/>\n<meta property=\"og:locale\" content=\"it_IT\" \/>\n<meta property=\"og:type\" content=\"article\" \/>\n<meta property=\"og:title\" content=\"Cercasi agenti settore Beauty-Health \u2764\ufe0f -\" \/>\n<meta property=\"og:description\" content=\"Azienda leader in Europa nel settore Beauty-Health con prestigiosi marchi come Jean Kl\u00e9bert, Gil Cagn\u00e9, Epil Specialist e Centro Mess\u00e9gu\u00e9, che commercializza prodotti cosmetici, dietetici e tecnologie per l&#8217;Estetica professionale, Farmacie e Centri di Medicina estetica RICERCA AGENTI di COMMERCIO. Inviare CV con Aut. Tratt. Dati (Dlgs 196\/03) a info@globelife.com indicando Rif. 88\" \/>\n<meta property=\"og:url\" content=\"https:\/\/globelife.com\/rappresentantiparrucchieri\/cercasi-agenti-settore-beauty-health.html\" \/>\n<meta property=\"article:published_time\" content=\"2016-10-25T07:55:15+00:00\" \/>\n<meta name=\"author\" content=\"redazione\" \/>\n<meta name=\"twitter:label1\" content=\"Scritto da\" \/>\n\t<meta name=\"twitter:data1\" content=\"redazione\" \/>\n<script type=\"application\/ld+json\" class=\"yoast-schema-graph\">{\"@context\":\"https:\/\/schema.org\",\"@graph\":[{\"@type\":\"WebPage\",\"@id\":\"https:\/\/globelife.com\/rappresentantiparrucchieri\/cercasi-agenti-settore-beauty-health.html\",\"url\":\"https:\/\/globelife.com\/rappresentantiparrucchieri\/cercasi-agenti-settore-beauty-health.html\",\"name\":\"Cercasi agenti settore Beauty-Health \u2764\ufe0f -\",\"isPartOf\":{\"@id\":\"https:\/\/globelife.com\/rappresentantiparrucchieri\/#website\"},\"datePublished\":\"2016-10-25T07:55:15+00:00\",\"dateModified\":\"2016-10-25T07:55:15+00:00\",\"author\":{\"@id\":\"https:\/\/globelife.com\/rappresentantiparrucchieri\/#\/schema\/person\/9ec9b584478c2f1b86ecce12aff6e40b\"},\"inLanguage\":\"it-IT\",\"potentialAction\":[{\"@type\":\"ReadAction\",\"target\":[\"https:\/\/globelife.com\/rappresentantiparrucchieri\/cercasi-agenti-settore-beauty-health.html\"]}]},{\"@type\":\"WebSite\",\"@id\":\"https:\/\/globelife.com\/rappresentantiparrucchieri\/#website\",\"url\":\"https:\/\/globelife.com\/rappresentantiparrucchieri\/\",\"name\":\"\",\"description\":\"\",\"potentialAction\":[{\"@type\":\"SearchAction\",\"target\":{\"@type\":\"EntryPoint\",\"urlTemplate\":\"https:\/\/globelife.com\/rappresentantiparrucchieri\/?s={search_term_string}\"},\"query-input\":\"required name=search_term_string\"}],\"inLanguage\":\"it-IT\"},{\"@type\":\"Person\",\"@id\":\"https:\/\/globelife.com\/rappresentantiparrucchieri\/#\/schema\/person\/9ec9b584478c2f1b86ecce12aff6e40b\",\"name\":\"redazione\",\"image\":{\"@type\":\"ImageObject\",\"inLanguage\":\"it-IT\",\"@id\":\"https:\/\/globelife.com\/rappresentantiparrucchieri\/#\/schema\/person\/image\/\",\"url\":\"https:\/\/secure.gravatar.com\/avatar\/998b3cd29a1090596a87dc728d0c25e1?s=96&d=mm&r=g\",\"contentUrl\":\"https:\/\/secure.gravatar.com\/avatar\/998b3cd29a1090596a87dc728d0c25e1?s=96&d=mm&r=g\",\"caption\":\"redazione\"},\"url\":\"https:\/\/globelife.com\/rappresentantiparrucchieri\/author\/redazione\"}]}<\/script>\n<!-- \/ Yoast SEO plugin. -->","yoast_head_json":{"title":"Cercasi agenti settore Beauty-Health \u2764\ufe0f -","robots":{"index":"index","follow":"follow","max-snippet":"max-snippet:-1","max-image-preview":"max-image-preview:large","max-video-preview":"max-video-preview:-1"},"canonical":"https:\/\/globelife.com\/rappresentantiparrucchieri\/cercasi-agenti-settore-beauty-health.html","og_locale":"it_IT","og_type":"article","og_title":"Cercasi agenti settore Beauty-Health \u2764\ufe0f -","og_description":"Azienda leader in Europa nel settore Beauty-Health con prestigiosi marchi come Jean Kl\u00e9bert, Gil Cagn\u00e9, Epil Specialist e Centro Mess\u00e9gu\u00e9, che commercializza prodotti cosmetici, dietetici e tecnologie per l&#8217;Estetica professionale, Farmacie e Centri di Medicina estetica RICERCA AGENTI di COMMERCIO. Inviare CV con Aut. Tratt. Dati (Dlgs 196\/03) a info@globelife.com indicando Rif. 88","og_url":"https:\/\/globelife.com\/rappresentantiparrucchieri\/cercasi-agenti-settore-beauty-health.html","article_published_time":"2016-10-25T07:55:15+00:00","author":"redazione","twitter_misc":{"Scritto da":"redazione"},"schema":{"@context":"https:\/\/schema.org","@graph":[{"@type":"WebPage","@id":"https:\/\/globelife.com\/rappresentantiparrucchieri\/cercasi-agenti-settore-beauty-health.html","url":"https:\/\/globelife.com\/rappresentantiparrucchieri\/cercasi-agenti-settore-beauty-health.html","name":"Cercasi agenti settore Beauty-Health \u2764\ufe0f -","isPartOf":{"@id":"https:\/\/globelife.com\/rappresentantiparrucchieri\/#website"},"datePublished":"2016-10-25T07:55:15+00:00","dateModified":"2016-10-25T07:55:15+00:00","author":{"@id":"https:\/\/globelife.com\/rappresentantiparrucchieri\/#\/schema\/person\/9ec9b584478c2f1b86ecce12aff6e40b"},"inLanguage":"it-IT","potentialAction":[{"@type":"ReadAction","target":["https:\/\/globelife.com\/rappresentantiparrucchieri\/cercasi-agenti-settore-beauty-health.html"]}]},{"@type":"WebSite","@id":"https:\/\/globelife.com\/rappresentantiparrucchieri\/#website","url":"https:\/\/globelife.com\/rappresentantiparrucchieri\/","name":"","description":"","potentialAction":[{"@type":"SearchAction","target":{"@type":"EntryPoint","urlTemplate":"https:\/\/globelife.com\/rappresentantiparrucchieri\/?s={search_term_string}"},"query-input":"required name=search_term_string"}],"inLanguage":"it-IT"},{"@type":"Person","@id":"https:\/\/globelife.com\/rappresentantiparrucchieri\/#\/schema\/person\/9ec9b584478c2f1b86ecce12aff6e40b","name":"redazione","image":{"@type":"ImageObject","inLanguage":"it-IT","@id":"https:\/\/globelife.com\/rappresentantiparrucchieri\/#\/schema\/person\/image\/","url":"https:\/\/secure.gravatar.com\/avatar\/998b3cd29a1090596a87dc728d0c25e1?s=96&d=mm&r=g","contentUrl":"https:\/\/secure.gravatar.com\/avatar\/998b3cd29a1090596a87dc728d0c25e1?s=96&d=mm&r=g","caption":"redazione"},"url":"https:\/\/globelife.com\/rappresentantiparrucchieri\/author\/redazione"}]}},"_links":{"self":[{"href":"https:\/\/globelife.com\/rappresentantiparrucchieri\/wp-json\/wp\/v2\/posts\/1032"}],"collection":[{"href":"https:\/\/globelife.com\/rappresentantiparrucchieri\/wp-json\/wp\/v2\/posts"}],"about":[{"href":"https:\/\/globelife.com\/rappresentantiparrucchieri\/wp-json\/wp\/v2\/types\/post"}],"author":[{"embeddable":true,"href":"https:\/\/globelife.com\/rappresentantiparrucchieri\/wp-json\/wp\/v2\/users\/2"}],"replies":[{"embeddable":true,"href":"https:\/\/globelife.com\/rappresentantiparrucchieri\/wp-json\/wp\/v2\/comments?post=1032"}],"version-history":[{"count":1,"href":"https:\/\/globelife.com\/rappresentantiparrucchieri\/wp-json\/wp\/v2\/posts\/1032\/revisions"}],"predecessor-version":[{"id":1033,"href":"https:\/\/globelife.com\/rappresentantiparrucchieri\/wp-json\/wp\/v2\/posts\/1032\/revisions\/1033"}],"wp:attachment":[{"href":"https:\/\/globelife.com\/rappresentantiparrucchieri\/wp-json\/wp\/v2\/media?parent=1032"}],"wp:term":[{"taxonomy":"category","embeddable":true,"href":"https:\/\/globelife.com\/rappresentantiparrucchieri\/wp-json\/wp\/v2\/categories?post=1032"},{"taxonomy":"post_tag","embeddable":true,"href":"https:\/\/globelife.com\/rappresentantiparrucchieri\/wp-json\/wp\/v2\/tags?post=1032"}],"curies":[{"name":"wp","href":"https:\/\/api.w.org\/{rel}","templated":true}]}}