{"id":127,"date":"2014-06-20T14:16:20","date_gmt":"2014-06-20T12:16:20","guid":{"rendered":"http:\/\/globelife.com\/rappresentantiparrucchieri\/?p=127"},"modified":"2014-06-20T14:16:20","modified_gmt":"2014-06-20T12:16:20","slug":"lf-beauty-cherche-un-project-manager","status":"publish","type":"post","link":"https:\/\/globelife.com\/rappresentantiparrucchieri\/lf-beauty-cherche-un-project-manager.html","title":{"rendered":"LF BEAUTY cherche un PROJECT MANAGER"},"content":{"rendered":"<p style=\"text-align: center;\"><a title=\"LF Beauty\" href=\"http:\/\/www.hairmagazine.eu\/immagini\/2014\/gossip\/varie\/lfbeauty-logo.jpg\" target=\"_blank\"><img decoding=\"async\" src=\"http:\/\/www.hairmagazine.eu\/immagini\/2014\/gossip\/varie\/lfbeauty-logo.jpg\" alt=\"LF Beauty\" width=\"200\" \/><\/a><\/p>\n<p style=\"text-align: justify;\">LF BEAUTY cherche un <strong>PROJECT MANAGER<\/strong> (H\/F). De formation sup\u00e9rieure, vous justifiez d&#8217;une exp\u00e9rience confirm\u00e9e et r\u00e9ussie de Responsable Grands Comptes, Responsable de Client\u00e8le ou Chef de Projet dans le domaine commercial ou achat. Votre parcours vous a permis de r\u00e9pondre \u00e0 des enjeux de d\u00e9veloppement des ventes, id\u00e9alement aupr\u00e8s de clients du secteur cosm\u00e9tique. Dot\u00e9 d&#8217;une sensibilit\u00e9 cr\u00e9ative, vous avez une bonne compr\u00e9hension des exigences et besoins des clients que vous savez traduire en offre produits. Vous avez le sens du client et du service, une fibre op\u00e9rationnelle, l&#8217;esprit d&#8217;\u00e9quipe. Vous parlez couramment anglais. Poste bas\u00e9 en \u00cele-de-France (92).<\/p>\n<p>Adressez votre candidature \u00e0 Mme Claire-Fleur Bernier, HR Administrator,<br \/>\n\u00e0 l&#8217;adresse : <strong>ClaireFleurBernier@promocean.eu<\/strong><\/p>\n","protected":false},"excerpt":{"rendered":"<p>LF BEAUTY cherche un PROJECT MANAGER (H\/F). De formation sup\u00e9rieure, vous justifiez d&#8217;une exp\u00e9rience confirm\u00e9e et r\u00e9ussie de Responsable Grands Comptes, Responsable de Client\u00e8le ou Chef de Projet dans le domaine commercial ou achat. Votre parcours vous a permis de r\u00e9pondre \u00e0 des enjeux de d\u00e9veloppement des ventes, id\u00e9alement aupr\u00e8s de clients du secteur cosm\u00e9tique. Dot\u00e9 d&#8217;une sensibilit\u00e9 cr\u00e9ative, vous avez une bonne compr\u00e9hension des exigences et besoins des clients que vous savez traduire en offre produits. Vous avez le sens du client et du service, une fibre op\u00e9rationnelle, l&#8217;esprit d&#8217;\u00e9quipe. Vous parlez couramment anglais. Poste bas\u00e9 en \u00cele-de-France (92). Adressez votre candidature \u00e0 Mme Claire-Fleur Bernier, HR Administrator, \u00e0 l&#8217;adresse : ClaireFleurBernier@promocean.eu<\/p>\n","protected":false},"author":2,"featured_media":0,"comment_status":"open","ping_status":"open","sticky":false,"template":"","format":"standard","meta":[],"categories":[1],"tags":[],"yoast_head":"<!-- This site is optimized with the Yoast SEO plugin v20.10 - https:\/\/yoast.com\/wordpress\/plugins\/seo\/ -->\n<title>LF BEAUTY cherche un PROJECT MANAGER \u2764\ufe0f -<\/title>\n<meta name=\"robots\" content=\"index, follow, max-snippet:-1, max-image-preview:large, max-video-preview:-1\" \/>\n<link rel=\"canonical\" href=\"https:\/\/globelife.com\/rappresentantiparrucchieri\/lf-beauty-cherche-un-project-manager.html\" \/>\n<meta property=\"og:locale\" content=\"it_IT\" \/>\n<meta property=\"og:type\" content=\"article\" \/>\n<meta property=\"og:title\" content=\"LF BEAUTY cherche un PROJECT MANAGER \u2764\ufe0f -\" \/>\n<meta property=\"og:description\" content=\"LF BEAUTY cherche un PROJECT MANAGER (H\/F). De formation sup\u00e9rieure, vous justifiez d&#8217;une exp\u00e9rience confirm\u00e9e et r\u00e9ussie de Responsable Grands Comptes, Responsable de Client\u00e8le ou Chef de Projet dans le domaine commercial ou achat. Votre parcours vous a permis de r\u00e9pondre \u00e0 des enjeux de d\u00e9veloppement des ventes, id\u00e9alement aupr\u00e8s de clients du secteur cosm\u00e9tique. Dot\u00e9 d&#8217;une sensibilit\u00e9 cr\u00e9ative, vous avez une bonne compr\u00e9hension des exigences et besoins des clients que vous savez traduire en offre produits. Vous avez le sens du client et du service, une fibre op\u00e9rationnelle, l&#8217;esprit d&#8217;\u00e9quipe. Vous parlez couramment anglais. Poste bas\u00e9 en \u00cele-de-France (92). Adressez votre candidature \u00e0 Mme Claire-Fleur Bernier, HR Administrator, \u00e0 l&#8217;adresse : ClaireFleurBernier@promocean.eu\" \/>\n<meta property=\"og:url\" content=\"https:\/\/globelife.com\/rappresentantiparrucchieri\/lf-beauty-cherche-un-project-manager.html\" \/>\n<meta property=\"article:published_time\" content=\"2014-06-20T12:16:20+00:00\" \/>\n<meta property=\"og:image\" content=\"http:\/\/www.hairmagazine.eu\/immagini\/2014\/gossip\/varie\/lfbeauty-logo.jpg\" \/>\n<meta name=\"author\" content=\"redazione\" \/>\n<meta name=\"twitter:label1\" content=\"Scritto da\" \/>\n\t<meta name=\"twitter:data1\" content=\"redazione\" \/>\n\t<meta name=\"twitter:label2\" content=\"Tempo di lettura stimato\" \/>\n\t<meta name=\"twitter:data2\" content=\"1 minuto\" \/>\n<script type=\"application\/ld+json\" class=\"yoast-schema-graph\">{\"@context\":\"https:\/\/schema.org\",\"@graph\":[{\"@type\":\"WebPage\",\"@id\":\"https:\/\/globelife.com\/rappresentantiparrucchieri\/lf-beauty-cherche-un-project-manager.html\",\"url\":\"https:\/\/globelife.com\/rappresentantiparrucchieri\/lf-beauty-cherche-un-project-manager.html\",\"name\":\"LF BEAUTY cherche un PROJECT MANAGER \u2764\ufe0f -\",\"isPartOf\":{\"@id\":\"https:\/\/globelife.com\/rappresentantiparrucchieri\/#website\"},\"datePublished\":\"2014-06-20T12:16:20+00:00\",\"dateModified\":\"2014-06-20T12:16:20+00:00\",\"author\":{\"@id\":\"https:\/\/globelife.com\/rappresentantiparrucchieri\/#\/schema\/person\/9ec9b584478c2f1b86ecce12aff6e40b\"},\"inLanguage\":\"it-IT\",\"potentialAction\":[{\"@type\":\"ReadAction\",\"target\":[\"https:\/\/globelife.com\/rappresentantiparrucchieri\/lf-beauty-cherche-un-project-manager.html\"]}]},{\"@type\":\"WebSite\",\"@id\":\"https:\/\/globelife.com\/rappresentantiparrucchieri\/#website\",\"url\":\"https:\/\/globelife.com\/rappresentantiparrucchieri\/\",\"name\":\"\",\"description\":\"\",\"potentialAction\":[{\"@type\":\"SearchAction\",\"target\":{\"@type\":\"EntryPoint\",\"urlTemplate\":\"https:\/\/globelife.com\/rappresentantiparrucchieri\/?s={search_term_string}\"},\"query-input\":\"required name=search_term_string\"}],\"inLanguage\":\"it-IT\"},{\"@type\":\"Person\",\"@id\":\"https:\/\/globelife.com\/rappresentantiparrucchieri\/#\/schema\/person\/9ec9b584478c2f1b86ecce12aff6e40b\",\"name\":\"redazione\",\"image\":{\"@type\":\"ImageObject\",\"inLanguage\":\"it-IT\",\"@id\":\"https:\/\/globelife.com\/rappresentantiparrucchieri\/#\/schema\/person\/image\/\",\"url\":\"https:\/\/secure.gravatar.com\/avatar\/998b3cd29a1090596a87dc728d0c25e1?s=96&d=mm&r=g\",\"contentUrl\":\"https:\/\/secure.gravatar.com\/avatar\/998b3cd29a1090596a87dc728d0c25e1?s=96&d=mm&r=g\",\"caption\":\"redazione\"},\"url\":\"https:\/\/globelife.com\/rappresentantiparrucchieri\/author\/redazione\"}]}<\/script>\n<!-- \/ Yoast SEO plugin. -->","yoast_head_json":{"title":"LF BEAUTY cherche un PROJECT MANAGER \u2764\ufe0f -","robots":{"index":"index","follow":"follow","max-snippet":"max-snippet:-1","max-image-preview":"max-image-preview:large","max-video-preview":"max-video-preview:-1"},"canonical":"https:\/\/globelife.com\/rappresentantiparrucchieri\/lf-beauty-cherche-un-project-manager.html","og_locale":"it_IT","og_type":"article","og_title":"LF BEAUTY cherche un PROJECT MANAGER \u2764\ufe0f -","og_description":"LF BEAUTY cherche un PROJECT MANAGER (H\/F). De formation sup\u00e9rieure, vous justifiez d&#8217;une exp\u00e9rience confirm\u00e9e et r\u00e9ussie de Responsable Grands Comptes, Responsable de Client\u00e8le ou Chef de Projet dans le domaine commercial ou achat. Votre parcours vous a permis de r\u00e9pondre \u00e0 des enjeux de d\u00e9veloppement des ventes, id\u00e9alement aupr\u00e8s de clients du secteur cosm\u00e9tique. Dot\u00e9 d&#8217;une sensibilit\u00e9 cr\u00e9ative, vous avez une bonne compr\u00e9hension des exigences et besoins des clients que vous savez traduire en offre produits. Vous avez le sens du client et du service, une fibre op\u00e9rationnelle, l&#8217;esprit d&#8217;\u00e9quipe. Vous parlez couramment anglais. Poste bas\u00e9 en \u00cele-de-France (92). Adressez votre candidature \u00e0 Mme Claire-Fleur Bernier, HR Administrator, \u00e0 l&#8217;adresse : ClaireFleurBernier@promocean.eu","og_url":"https:\/\/globelife.com\/rappresentantiparrucchieri\/lf-beauty-cherche-un-project-manager.html","article_published_time":"2014-06-20T12:16:20+00:00","og_image":[{"url":"http:\/\/www.hairmagazine.eu\/immagini\/2014\/gossip\/varie\/lfbeauty-logo.jpg"}],"author":"redazione","twitter_misc":{"Scritto da":"redazione","Tempo di lettura stimato":"1 minuto"},"schema":{"@context":"https:\/\/schema.org","@graph":[{"@type":"WebPage","@id":"https:\/\/globelife.com\/rappresentantiparrucchieri\/lf-beauty-cherche-un-project-manager.html","url":"https:\/\/globelife.com\/rappresentantiparrucchieri\/lf-beauty-cherche-un-project-manager.html","name":"LF BEAUTY cherche un PROJECT MANAGER \u2764\ufe0f -","isPartOf":{"@id":"https:\/\/globelife.com\/rappresentantiparrucchieri\/#website"},"datePublished":"2014-06-20T12:16:20+00:00","dateModified":"2014-06-20T12:16:20+00:00","author":{"@id":"https:\/\/globelife.com\/rappresentantiparrucchieri\/#\/schema\/person\/9ec9b584478c2f1b86ecce12aff6e40b"},"inLanguage":"it-IT","potentialAction":[{"@type":"ReadAction","target":["https:\/\/globelife.com\/rappresentantiparrucchieri\/lf-beauty-cherche-un-project-manager.html"]}]},{"@type":"WebSite","@id":"https:\/\/globelife.com\/rappresentantiparrucchieri\/#website","url":"https:\/\/globelife.com\/rappresentantiparrucchieri\/","name":"","description":"","potentialAction":[{"@type":"SearchAction","target":{"@type":"EntryPoint","urlTemplate":"https:\/\/globelife.com\/rappresentantiparrucchieri\/?s={search_term_string}"},"query-input":"required name=search_term_string"}],"inLanguage":"it-IT"},{"@type":"Person","@id":"https:\/\/globelife.com\/rappresentantiparrucchieri\/#\/schema\/person\/9ec9b584478c2f1b86ecce12aff6e40b","name":"redazione","image":{"@type":"ImageObject","inLanguage":"it-IT","@id":"https:\/\/globelife.com\/rappresentantiparrucchieri\/#\/schema\/person\/image\/","url":"https:\/\/secure.gravatar.com\/avatar\/998b3cd29a1090596a87dc728d0c25e1?s=96&d=mm&r=g","contentUrl":"https:\/\/secure.gravatar.com\/avatar\/998b3cd29a1090596a87dc728d0c25e1?s=96&d=mm&r=g","caption":"redazione"},"url":"https:\/\/globelife.com\/rappresentantiparrucchieri\/author\/redazione"}]}},"_links":{"self":[{"href":"https:\/\/globelife.com\/rappresentantiparrucchieri\/wp-json\/wp\/v2\/posts\/127"}],"collection":[{"href":"https:\/\/globelife.com\/rappresentantiparrucchieri\/wp-json\/wp\/v2\/posts"}],"about":[{"href":"https:\/\/globelife.com\/rappresentantiparrucchieri\/wp-json\/wp\/v2\/types\/post"}],"author":[{"embeddable":true,"href":"https:\/\/globelife.com\/rappresentantiparrucchieri\/wp-json\/wp\/v2\/users\/2"}],"replies":[{"embeddable":true,"href":"https:\/\/globelife.com\/rappresentantiparrucchieri\/wp-json\/wp\/v2\/comments?post=127"}],"version-history":[{"count":1,"href":"https:\/\/globelife.com\/rappresentantiparrucchieri\/wp-json\/wp\/v2\/posts\/127\/revisions"}],"predecessor-version":[{"id":128,"href":"https:\/\/globelife.com\/rappresentantiparrucchieri\/wp-json\/wp\/v2\/posts\/127\/revisions\/128"}],"wp:attachment":[{"href":"https:\/\/globelife.com\/rappresentantiparrucchieri\/wp-json\/wp\/v2\/media?parent=127"}],"wp:term":[{"taxonomy":"category","embeddable":true,"href":"https:\/\/globelife.com\/rappresentantiparrucchieri\/wp-json\/wp\/v2\/categories?post=127"},{"taxonomy":"post_tag","embeddable":true,"href":"https:\/\/globelife.com\/rappresentantiparrucchieri\/wp-json\/wp\/v2\/tags?post=127"}],"curies":[{"name":"wp","href":"https:\/\/api.w.org\/{rel}","templated":true}]}}