{"id":134,"date":"2014-07-02T16:13:24","date_gmt":"2014-07-02T14:13:24","guid":{"rendered":"http:\/\/globelife.com\/rappresentantiparrucchieri\/?p=134"},"modified":"2014-07-02T16:13:24","modified_gmt":"2014-07-02T14:13:24","slug":"groupe-alkos-rechercheresponsable-coordinateur-projets","status":"publish","type":"post","link":"https:\/\/globelife.com\/rappresentantiparrucchieri\/groupe-alkos-rechercheresponsable-coordinateur-projets.html","title":{"rendered":"GROUPE ALKOS recherche<br>Responsable Coordinateur Projets"},"content":{"rendered":"<p style=\"text-align: center;\"><a title=\"GROUPE ALKOS\" href=\"http:\/\/www.hairmagazine.eu\/immagini\/2014\/gossip\/varie\/alkos-logo.jpg\" target=\"_blank\"><img decoding=\"async\" alt=\"GROUPE ALKOS\" src=\"http:\/\/www.hairmagazine.eu\/immagini\/2014\/gossip\/varie\/alkos-logo.jpg\" width=\"300\" \/><\/a><\/p>\n<p style=\"text-align: justify;\">Le Groupe ALKOS, sous-traitant en produits de maquillage, de soin et d&#8217;hygi\u00e8ne pour des grandes marques connait une tr\u00e8s forte croissance et un succ\u00e9s grandissant notamment \u00e0 l&#8217;export. L&#8217;\u00e9quipe du D\u00e9veloppement projets d&#8217;Inter-Cosm\u00e9tiques g\u00e8re l&#8217;ensemble des projets du site d&#8217;Angers, Inter-Cosm\u00e9tiques sous-traitant de produits de soin et de maquillage, ainsi que les projets de la soci\u00e9t\u00e9 Sagal, situ\u00e9e pr\u00e8s de Chartres et qui fabrique des savons et des d\u00e9odorants.C&#8217;est dans ce contexte que nous recherchons notre : Responsable Coordinateur Projet H\/F.<\/p>\n<p style=\"text-align: justify;\"><strong>VOUS POSS\u00c9DEZ:<\/strong> une solide exp\u00e9rience dans une fonction similaire, dans l&#8217;univers de la sous-traitance maquillage\/soins, une connaissance des march\u00e9s et portefeuilles\/clients export. Vous \u00eates bilingue en anglais, la maitrise d&#8217;une langue europ\u00e9enne (Allemand ou Espagnol) serait un plus. Rigueur, autonomie et aisance relationnelle sont des atouts majeurs pour ce poste.<\/p>\n<p style=\"text-align: justify;\"><strong>CONTACT: <\/strong>Isabelle Le Manio, DRH du groupe Alkos: <strong>recrutement@groupe-alkos.fr<\/strong><\/p>\n","protected":false},"excerpt":{"rendered":"<p>Le Groupe ALKOS, sous-traitant en produits de maquillage, de soin et d&#8217;hygi\u00e8ne pour des grandes marques connait une tr\u00e8s forte croissance et un succ\u00e9s grandissant notamment \u00e0 l&#8217;export. L&#8217;\u00e9quipe du D\u00e9veloppement projets d&#8217;Inter-Cosm\u00e9tiques g\u00e8re l&#8217;ensemble des projets du site d&#8217;Angers, Inter-Cosm\u00e9tiques sous-traitant de produits de soin et de maquillage, ainsi que les projets de la soci\u00e9t\u00e9 Sagal, situ\u00e9e pr\u00e8s de Chartres et qui fabrique des savons et des d\u00e9odorants.C&#8217;est dans ce contexte que nous recherchons notre : Responsable Coordinateur Projet H\/F. VOUS POSS\u00c9DEZ: une solide exp\u00e9rience dans une fonction similaire, dans l&#8217;univers de la sous-traitance maquillage\/soins, une connaissance des march\u00e9s et portefeuilles\/clients export. Vous \u00eates bilingue en anglais, la maitrise d&#8217;une langue europ\u00e9enne (Allemand ou Espagnol) serait un plus. Rigueur, autonomie et aisance relationnelle sont des atouts majeurs pour ce poste. CONTACT: Isabelle Le Manio, DRH du groupe Alkos: recrutement@groupe-alkos.fr<\/p>\n","protected":false},"author":2,"featured_media":0,"comment_status":"open","ping_status":"open","sticky":false,"template":"","format":"standard","meta":[],"categories":[1],"tags":[],"yoast_head":"<!-- This site is optimized with the Yoast SEO plugin v20.10 - https:\/\/yoast.com\/wordpress\/plugins\/seo\/ -->\n<title>GROUPE ALKOS rechercheResponsable Coordinateur Projets \u2764\ufe0f -<\/title>\n<meta name=\"robots\" content=\"index, follow, max-snippet:-1, max-image-preview:large, max-video-preview:-1\" \/>\n<link rel=\"canonical\" href=\"https:\/\/globelife.com\/rappresentantiparrucchieri\/groupe-alkos-rechercheresponsable-coordinateur-projets.html\" \/>\n<meta property=\"og:locale\" content=\"it_IT\" \/>\n<meta property=\"og:type\" content=\"article\" \/>\n<meta property=\"og:title\" content=\"GROUPE ALKOS rechercheResponsable Coordinateur Projets \u2764\ufe0f -\" \/>\n<meta property=\"og:description\" content=\"Le Groupe ALKOS, sous-traitant en produits de maquillage, de soin et d&#8217;hygi\u00e8ne pour des grandes marques connait une tr\u00e8s forte croissance et un succ\u00e9s grandissant notamment \u00e0 l&#8217;export. L&#8217;\u00e9quipe du D\u00e9veloppement projets d&#8217;Inter-Cosm\u00e9tiques g\u00e8re l&#8217;ensemble des projets du site d&#8217;Angers, Inter-Cosm\u00e9tiques sous-traitant de produits de soin et de maquillage, ainsi que les projets de la soci\u00e9t\u00e9 Sagal, situ\u00e9e pr\u00e8s de Chartres et qui fabrique des savons et des d\u00e9odorants.C&#8217;est dans ce contexte que nous recherchons notre : Responsable Coordinateur Projet H\/F. VOUS POSS\u00c9DEZ: une solide exp\u00e9rience dans une fonction similaire, dans l&#8217;univers de la sous-traitance maquillage\/soins, une connaissance des march\u00e9s et portefeuilles\/clients export. Vous \u00eates bilingue en anglais, la maitrise d&#8217;une langue europ\u00e9enne (Allemand ou Espagnol) serait un plus. Rigueur, autonomie et aisance relationnelle sont des atouts majeurs pour ce poste. CONTACT: Isabelle Le Manio, DRH du groupe Alkos: recrutement@groupe-alkos.fr\" \/>\n<meta property=\"og:url\" content=\"https:\/\/globelife.com\/rappresentantiparrucchieri\/groupe-alkos-rechercheresponsable-coordinateur-projets.html\" \/>\n<meta property=\"article:published_time\" content=\"2014-07-02T14:13:24+00:00\" \/>\n<meta property=\"og:image\" content=\"http:\/\/www.hairmagazine.eu\/immagini\/2014\/gossip\/varie\/alkos-logo.jpg\" \/>\n<meta name=\"author\" content=\"redazione\" \/>\n<meta name=\"twitter:label1\" content=\"Scritto da\" \/>\n\t<meta name=\"twitter:data1\" content=\"redazione\" \/>\n\t<meta name=\"twitter:label2\" content=\"Tempo di lettura stimato\" \/>\n\t<meta name=\"twitter:data2\" content=\"1 minuto\" \/>\n<script type=\"application\/ld+json\" class=\"yoast-schema-graph\">{\"@context\":\"https:\/\/schema.org\",\"@graph\":[{\"@type\":\"WebPage\",\"@id\":\"https:\/\/globelife.com\/rappresentantiparrucchieri\/groupe-alkos-rechercheresponsable-coordinateur-projets.html\",\"url\":\"https:\/\/globelife.com\/rappresentantiparrucchieri\/groupe-alkos-rechercheresponsable-coordinateur-projets.html\",\"name\":\"GROUPE ALKOS recherche Responsable Coordinateur Projets \u2764\ufe0f -\",\"isPartOf\":{\"@id\":\"https:\/\/globelife.com\/rappresentantiparrucchieri\/#website\"},\"datePublished\":\"2014-07-02T14:13:24+00:00\",\"dateModified\":\"2014-07-02T14:13:24+00:00\",\"author\":{\"@id\":\"https:\/\/globelife.com\/rappresentantiparrucchieri\/#\/schema\/person\/9ec9b584478c2f1b86ecce12aff6e40b\"},\"inLanguage\":\"it-IT\",\"potentialAction\":[{\"@type\":\"ReadAction\",\"target\":[\"https:\/\/globelife.com\/rappresentantiparrucchieri\/groupe-alkos-rechercheresponsable-coordinateur-projets.html\"]}]},{\"@type\":\"WebSite\",\"@id\":\"https:\/\/globelife.com\/rappresentantiparrucchieri\/#website\",\"url\":\"https:\/\/globelife.com\/rappresentantiparrucchieri\/\",\"name\":\"\",\"description\":\"\",\"potentialAction\":[{\"@type\":\"SearchAction\",\"target\":{\"@type\":\"EntryPoint\",\"urlTemplate\":\"https:\/\/globelife.com\/rappresentantiparrucchieri\/?s={search_term_string}\"},\"query-input\":\"required name=search_term_string\"}],\"inLanguage\":\"it-IT\"},{\"@type\":\"Person\",\"@id\":\"https:\/\/globelife.com\/rappresentantiparrucchieri\/#\/schema\/person\/9ec9b584478c2f1b86ecce12aff6e40b\",\"name\":\"redazione\",\"image\":{\"@type\":\"ImageObject\",\"inLanguage\":\"it-IT\",\"@id\":\"https:\/\/globelife.com\/rappresentantiparrucchieri\/#\/schema\/person\/image\/\",\"url\":\"https:\/\/secure.gravatar.com\/avatar\/998b3cd29a1090596a87dc728d0c25e1?s=96&d=mm&r=g\",\"contentUrl\":\"https:\/\/secure.gravatar.com\/avatar\/998b3cd29a1090596a87dc728d0c25e1?s=96&d=mm&r=g\",\"caption\":\"redazione\"},\"url\":\"https:\/\/globelife.com\/rappresentantiparrucchieri\/author\/redazione\"}]}<\/script>\n<!-- \/ Yoast SEO plugin. -->","yoast_head_json":{"title":"GROUPE ALKOS rechercheResponsable Coordinateur Projets \u2764\ufe0f -","robots":{"index":"index","follow":"follow","max-snippet":"max-snippet:-1","max-image-preview":"max-image-preview:large","max-video-preview":"max-video-preview:-1"},"canonical":"https:\/\/globelife.com\/rappresentantiparrucchieri\/groupe-alkos-rechercheresponsable-coordinateur-projets.html","og_locale":"it_IT","og_type":"article","og_title":"GROUPE ALKOS rechercheResponsable Coordinateur Projets \u2764\ufe0f -","og_description":"Le Groupe ALKOS, sous-traitant en produits de maquillage, de soin et d&#8217;hygi\u00e8ne pour des grandes marques connait une tr\u00e8s forte croissance et un succ\u00e9s grandissant notamment \u00e0 l&#8217;export. L&#8217;\u00e9quipe du D\u00e9veloppement projets d&#8217;Inter-Cosm\u00e9tiques g\u00e8re l&#8217;ensemble des projets du site d&#8217;Angers, Inter-Cosm\u00e9tiques sous-traitant de produits de soin et de maquillage, ainsi que les projets de la soci\u00e9t\u00e9 Sagal, situ\u00e9e pr\u00e8s de Chartres et qui fabrique des savons et des d\u00e9odorants.C&#8217;est dans ce contexte que nous recherchons notre : Responsable Coordinateur Projet H\/F. VOUS POSS\u00c9DEZ: une solide exp\u00e9rience dans une fonction similaire, dans l&#8217;univers de la sous-traitance maquillage\/soins, une connaissance des march\u00e9s et portefeuilles\/clients export. Vous \u00eates bilingue en anglais, la maitrise d&#8217;une langue europ\u00e9enne (Allemand ou Espagnol) serait un plus. Rigueur, autonomie et aisance relationnelle sont des atouts majeurs pour ce poste. CONTACT: Isabelle Le Manio, DRH du groupe Alkos: recrutement@groupe-alkos.fr","og_url":"https:\/\/globelife.com\/rappresentantiparrucchieri\/groupe-alkos-rechercheresponsable-coordinateur-projets.html","article_published_time":"2014-07-02T14:13:24+00:00","og_image":[{"url":"http:\/\/www.hairmagazine.eu\/immagini\/2014\/gossip\/varie\/alkos-logo.jpg"}],"author":"redazione","twitter_misc":{"Scritto da":"redazione","Tempo di lettura stimato":"1 minuto"},"schema":{"@context":"https:\/\/schema.org","@graph":[{"@type":"WebPage","@id":"https:\/\/globelife.com\/rappresentantiparrucchieri\/groupe-alkos-rechercheresponsable-coordinateur-projets.html","url":"https:\/\/globelife.com\/rappresentantiparrucchieri\/groupe-alkos-rechercheresponsable-coordinateur-projets.html","name":"GROUPE ALKOS recherche Responsable Coordinateur Projets \u2764\ufe0f -","isPartOf":{"@id":"https:\/\/globelife.com\/rappresentantiparrucchieri\/#website"},"datePublished":"2014-07-02T14:13:24+00:00","dateModified":"2014-07-02T14:13:24+00:00","author":{"@id":"https:\/\/globelife.com\/rappresentantiparrucchieri\/#\/schema\/person\/9ec9b584478c2f1b86ecce12aff6e40b"},"inLanguage":"it-IT","potentialAction":[{"@type":"ReadAction","target":["https:\/\/globelife.com\/rappresentantiparrucchieri\/groupe-alkos-rechercheresponsable-coordinateur-projets.html"]}]},{"@type":"WebSite","@id":"https:\/\/globelife.com\/rappresentantiparrucchieri\/#website","url":"https:\/\/globelife.com\/rappresentantiparrucchieri\/","name":"","description":"","potentialAction":[{"@type":"SearchAction","target":{"@type":"EntryPoint","urlTemplate":"https:\/\/globelife.com\/rappresentantiparrucchieri\/?s={search_term_string}"},"query-input":"required name=search_term_string"}],"inLanguage":"it-IT"},{"@type":"Person","@id":"https:\/\/globelife.com\/rappresentantiparrucchieri\/#\/schema\/person\/9ec9b584478c2f1b86ecce12aff6e40b","name":"redazione","image":{"@type":"ImageObject","inLanguage":"it-IT","@id":"https:\/\/globelife.com\/rappresentantiparrucchieri\/#\/schema\/person\/image\/","url":"https:\/\/secure.gravatar.com\/avatar\/998b3cd29a1090596a87dc728d0c25e1?s=96&d=mm&r=g","contentUrl":"https:\/\/secure.gravatar.com\/avatar\/998b3cd29a1090596a87dc728d0c25e1?s=96&d=mm&r=g","caption":"redazione"},"url":"https:\/\/globelife.com\/rappresentantiparrucchieri\/author\/redazione"}]}},"_links":{"self":[{"href":"https:\/\/globelife.com\/rappresentantiparrucchieri\/wp-json\/wp\/v2\/posts\/134"}],"collection":[{"href":"https:\/\/globelife.com\/rappresentantiparrucchieri\/wp-json\/wp\/v2\/posts"}],"about":[{"href":"https:\/\/globelife.com\/rappresentantiparrucchieri\/wp-json\/wp\/v2\/types\/post"}],"author":[{"embeddable":true,"href":"https:\/\/globelife.com\/rappresentantiparrucchieri\/wp-json\/wp\/v2\/users\/2"}],"replies":[{"embeddable":true,"href":"https:\/\/globelife.com\/rappresentantiparrucchieri\/wp-json\/wp\/v2\/comments?post=134"}],"version-history":[{"count":2,"href":"https:\/\/globelife.com\/rappresentantiparrucchieri\/wp-json\/wp\/v2\/posts\/134\/revisions"}],"predecessor-version":[{"id":136,"href":"https:\/\/globelife.com\/rappresentantiparrucchieri\/wp-json\/wp\/v2\/posts\/134\/revisions\/136"}],"wp:attachment":[{"href":"https:\/\/globelife.com\/rappresentantiparrucchieri\/wp-json\/wp\/v2\/media?parent=134"}],"wp:term":[{"taxonomy":"category","embeddable":true,"href":"https:\/\/globelife.com\/rappresentantiparrucchieri\/wp-json\/wp\/v2\/categories?post=134"},{"taxonomy":"post_tag","embeddable":true,"href":"https:\/\/globelife.com\/rappresentantiparrucchieri\/wp-json\/wp\/v2\/tags?post=134"}],"curies":[{"name":"wp","href":"https:\/\/api.w.org\/{rel}","templated":true}]}}