{"id":149,"date":"2014-07-18T11:33:45","date_gmt":"2014-07-18T09:33:45","guid":{"rendered":"http:\/\/globelife.com\/rappresentantiparrucchieri\/?p=149"},"modified":"2014-07-29T11:56:12","modified_gmt":"2014-07-29T09:56:12","slug":"lf-beauty-cherche-un-project-manager-2","status":"publish","type":"post","link":"https:\/\/globelife.com\/rappresentantiparrucchieri\/lf-beauty-cherche-un-project-manager-2.html","title":{"rendered":"LF Beauty cherche <br> un PROJECT MANAGER"},"content":{"rendered":"<p style=\"text-align: center;\"><a title=\"LF Beauty\" href=\"http:\/\/www.hairmagazine.eu\/immagini\/2014\/gossip\/varie\/lfbeauty-logo.jpg\" target=\"_blank\"><img decoding=\"async\" src=\"http:\/\/www.hairmagazine.eu\/immagini\/2014\/gossip\/varie\/lfbeauty-logo.jpg\" alt=\"LF Beauty\" width=\"200\" \/><\/a><\/p>\n<p style=\"text-align: justify;\">LF BEAUTY cherche un <strong>PROJECT MANAGER (H\/F)<\/strong>.<br \/>Dipl\u00f4m\u00e9(e) d&#8217;une \u00e9cole d&#8217;ing\u00e9nieur, vous justifiez d&#8217;une exp\u00e9rience de 3 ans id\u00e9alement dans le domaine du d\u00e9veloppement d&#8217;emballages ou dans un environnement &#8220;Arts et m\u00e9tiers&#8221; en lien avec une expertise technique. Vous t\u00e9moignez d&#8217;un int\u00e9r\u00eat r\u00e9el pour la cosm\u00e9tique. Vous \u00eates dynamique et autonome, avec une bonne facult\u00e9 d&#8217;adaptation et un excellent relationnel. Vous saurez \u00eatre force de proposition ainsi que de conviction et, vous avez le sens du client et du service. Vous parlez couramment l&#8217;anglais. Poste bas\u00e9 en Ile de France (92).<\/p>\n<p style=\"text-align: justify;\">Adressez votre candidature \u00e0 Mme Claire-Fleur Bernier, HR Administrator, \u00e0 l&#8217;adresse: <strong>ClaireFleurBernier@promocean.eu<\/strong><\/p>\n","protected":false},"excerpt":{"rendered":"<p>LF BEAUTY cherche un PROJECT MANAGER (H\/F).Dipl\u00f4m\u00e9(e) d&#8217;une \u00e9cole d&#8217;ing\u00e9nieur, vous justifiez d&#8217;une exp\u00e9rience de 3 ans id\u00e9alement dans le domaine du d\u00e9veloppement d&#8217;emballages ou dans un environnement &#8220;Arts et m\u00e9tiers&#8221; en lien avec une expertise technique. Vous t\u00e9moignez d&#8217;un int\u00e9r\u00eat r\u00e9el pour la cosm\u00e9tique. Vous \u00eates dynamique et autonome, avec une bonne facult\u00e9 d&#8217;adaptation et un excellent relationnel. Vous saurez \u00eatre force de proposition ainsi que de conviction et, vous avez le sens du client et du service. Vous parlez couramment l&#8217;anglais. Poste bas\u00e9 en Ile de France (92). Adressez votre candidature \u00e0 Mme Claire-Fleur Bernier, HR Administrator, \u00e0 l&#8217;adresse: ClaireFleurBernier@promocean.eu<\/p>\n","protected":false},"author":2,"featured_media":0,"comment_status":"open","ping_status":"open","sticky":false,"template":"","format":"standard","meta":[],"categories":[1],"tags":[],"yoast_head":"<!-- This site is optimized with the Yoast SEO plugin v20.10 - https:\/\/yoast.com\/wordpress\/plugins\/seo\/ -->\n<title>LF Beauty cherche  un PROJECT MANAGER \u2764\ufe0f -<\/title>\n<meta name=\"robots\" content=\"index, follow, max-snippet:-1, max-image-preview:large, max-video-preview:-1\" \/>\n<link rel=\"canonical\" href=\"https:\/\/globelife.com\/rappresentantiparrucchieri\/lf-beauty-cherche-un-project-manager-2.html\" \/>\n<meta property=\"og:locale\" content=\"it_IT\" \/>\n<meta property=\"og:type\" content=\"article\" \/>\n<meta property=\"og:title\" content=\"LF Beauty cherche  un PROJECT MANAGER \u2764\ufe0f -\" \/>\n<meta property=\"og:description\" content=\"LF BEAUTY cherche un PROJECT MANAGER (H\/F).Dipl\u00f4m\u00e9(e) d&#8217;une \u00e9cole d&#8217;ing\u00e9nieur, vous justifiez d&#8217;une exp\u00e9rience de 3 ans id\u00e9alement dans le domaine du d\u00e9veloppement d&#8217;emballages ou dans un environnement &#8220;Arts et m\u00e9tiers&#8221; en lien avec une expertise technique. Vous t\u00e9moignez d&#8217;un int\u00e9r\u00eat r\u00e9el pour la cosm\u00e9tique. Vous \u00eates dynamique et autonome, avec une bonne facult\u00e9 d&#8217;adaptation et un excellent relationnel. Vous saurez \u00eatre force de proposition ainsi que de conviction et, vous avez le sens du client et du service. Vous parlez couramment l&#8217;anglais. Poste bas\u00e9 en Ile de France (92). Adressez votre candidature \u00e0 Mme Claire-Fleur Bernier, HR Administrator, \u00e0 l&#8217;adresse: ClaireFleurBernier@promocean.eu\" \/>\n<meta property=\"og:url\" content=\"https:\/\/globelife.com\/rappresentantiparrucchieri\/lf-beauty-cherche-un-project-manager-2.html\" \/>\n<meta property=\"article:published_time\" content=\"2014-07-18T09:33:45+00:00\" \/>\n<meta property=\"article:modified_time\" content=\"2014-07-29T09:56:12+00:00\" \/>\n<meta property=\"og:image\" content=\"http:\/\/www.hairmagazine.eu\/immagini\/2014\/gossip\/varie\/lfbeauty-logo.jpg\" \/>\n<meta name=\"author\" content=\"redazione\" \/>\n<meta name=\"twitter:label1\" content=\"Scritto da\" \/>\n\t<meta name=\"twitter:data1\" content=\"redazione\" \/>\n\t<meta name=\"twitter:label2\" content=\"Tempo di lettura stimato\" \/>\n\t<meta name=\"twitter:data2\" content=\"1 minuto\" \/>\n<script type=\"application\/ld+json\" class=\"yoast-schema-graph\">{\"@context\":\"https:\/\/schema.org\",\"@graph\":[{\"@type\":\"WebPage\",\"@id\":\"https:\/\/globelife.com\/rappresentantiparrucchieri\/lf-beauty-cherche-un-project-manager-2.html\",\"url\":\"https:\/\/globelife.com\/rappresentantiparrucchieri\/lf-beauty-cherche-un-project-manager-2.html\",\"name\":\"LF Beauty cherche un PROJECT MANAGER \u2764\ufe0f -\",\"isPartOf\":{\"@id\":\"https:\/\/globelife.com\/rappresentantiparrucchieri\/#website\"},\"datePublished\":\"2014-07-18T09:33:45+00:00\",\"dateModified\":\"2014-07-29T09:56:12+00:00\",\"author\":{\"@id\":\"https:\/\/globelife.com\/rappresentantiparrucchieri\/#\/schema\/person\/9ec9b584478c2f1b86ecce12aff6e40b\"},\"inLanguage\":\"it-IT\",\"potentialAction\":[{\"@type\":\"ReadAction\",\"target\":[\"https:\/\/globelife.com\/rappresentantiparrucchieri\/lf-beauty-cherche-un-project-manager-2.html\"]}]},{\"@type\":\"WebSite\",\"@id\":\"https:\/\/globelife.com\/rappresentantiparrucchieri\/#website\",\"url\":\"https:\/\/globelife.com\/rappresentantiparrucchieri\/\",\"name\":\"\",\"description\":\"\",\"potentialAction\":[{\"@type\":\"SearchAction\",\"target\":{\"@type\":\"EntryPoint\",\"urlTemplate\":\"https:\/\/globelife.com\/rappresentantiparrucchieri\/?s={search_term_string}\"},\"query-input\":\"required name=search_term_string\"}],\"inLanguage\":\"it-IT\"},{\"@type\":\"Person\",\"@id\":\"https:\/\/globelife.com\/rappresentantiparrucchieri\/#\/schema\/person\/9ec9b584478c2f1b86ecce12aff6e40b\",\"name\":\"redazione\",\"image\":{\"@type\":\"ImageObject\",\"inLanguage\":\"it-IT\",\"@id\":\"https:\/\/globelife.com\/rappresentantiparrucchieri\/#\/schema\/person\/image\/\",\"url\":\"https:\/\/secure.gravatar.com\/avatar\/998b3cd29a1090596a87dc728d0c25e1?s=96&d=mm&r=g\",\"contentUrl\":\"https:\/\/secure.gravatar.com\/avatar\/998b3cd29a1090596a87dc728d0c25e1?s=96&d=mm&r=g\",\"caption\":\"redazione\"},\"url\":\"https:\/\/globelife.com\/rappresentantiparrucchieri\/author\/redazione\"}]}<\/script>\n<!-- \/ Yoast SEO plugin. -->","yoast_head_json":{"title":"LF Beauty cherche  un PROJECT MANAGER \u2764\ufe0f -","robots":{"index":"index","follow":"follow","max-snippet":"max-snippet:-1","max-image-preview":"max-image-preview:large","max-video-preview":"max-video-preview:-1"},"canonical":"https:\/\/globelife.com\/rappresentantiparrucchieri\/lf-beauty-cherche-un-project-manager-2.html","og_locale":"it_IT","og_type":"article","og_title":"LF Beauty cherche  un PROJECT MANAGER \u2764\ufe0f -","og_description":"LF BEAUTY cherche un PROJECT MANAGER (H\/F).Dipl\u00f4m\u00e9(e) d&#8217;une \u00e9cole d&#8217;ing\u00e9nieur, vous justifiez d&#8217;une exp\u00e9rience de 3 ans id\u00e9alement dans le domaine du d\u00e9veloppement d&#8217;emballages ou dans un environnement &#8220;Arts et m\u00e9tiers&#8221; en lien avec une expertise technique. Vous t\u00e9moignez d&#8217;un int\u00e9r\u00eat r\u00e9el pour la cosm\u00e9tique. Vous \u00eates dynamique et autonome, avec une bonne facult\u00e9 d&#8217;adaptation et un excellent relationnel. Vous saurez \u00eatre force de proposition ainsi que de conviction et, vous avez le sens du client et du service. Vous parlez couramment l&#8217;anglais. Poste bas\u00e9 en Ile de France (92). Adressez votre candidature \u00e0 Mme Claire-Fleur Bernier, HR Administrator, \u00e0 l&#8217;adresse: ClaireFleurBernier@promocean.eu","og_url":"https:\/\/globelife.com\/rappresentantiparrucchieri\/lf-beauty-cherche-un-project-manager-2.html","article_published_time":"2014-07-18T09:33:45+00:00","article_modified_time":"2014-07-29T09:56:12+00:00","og_image":[{"url":"http:\/\/www.hairmagazine.eu\/immagini\/2014\/gossip\/varie\/lfbeauty-logo.jpg"}],"author":"redazione","twitter_misc":{"Scritto da":"redazione","Tempo di lettura stimato":"1 minuto"},"schema":{"@context":"https:\/\/schema.org","@graph":[{"@type":"WebPage","@id":"https:\/\/globelife.com\/rappresentantiparrucchieri\/lf-beauty-cherche-un-project-manager-2.html","url":"https:\/\/globelife.com\/rappresentantiparrucchieri\/lf-beauty-cherche-un-project-manager-2.html","name":"LF Beauty cherche un PROJECT MANAGER \u2764\ufe0f -","isPartOf":{"@id":"https:\/\/globelife.com\/rappresentantiparrucchieri\/#website"},"datePublished":"2014-07-18T09:33:45+00:00","dateModified":"2014-07-29T09:56:12+00:00","author":{"@id":"https:\/\/globelife.com\/rappresentantiparrucchieri\/#\/schema\/person\/9ec9b584478c2f1b86ecce12aff6e40b"},"inLanguage":"it-IT","potentialAction":[{"@type":"ReadAction","target":["https:\/\/globelife.com\/rappresentantiparrucchieri\/lf-beauty-cherche-un-project-manager-2.html"]}]},{"@type":"WebSite","@id":"https:\/\/globelife.com\/rappresentantiparrucchieri\/#website","url":"https:\/\/globelife.com\/rappresentantiparrucchieri\/","name":"","description":"","potentialAction":[{"@type":"SearchAction","target":{"@type":"EntryPoint","urlTemplate":"https:\/\/globelife.com\/rappresentantiparrucchieri\/?s={search_term_string}"},"query-input":"required name=search_term_string"}],"inLanguage":"it-IT"},{"@type":"Person","@id":"https:\/\/globelife.com\/rappresentantiparrucchieri\/#\/schema\/person\/9ec9b584478c2f1b86ecce12aff6e40b","name":"redazione","image":{"@type":"ImageObject","inLanguage":"it-IT","@id":"https:\/\/globelife.com\/rappresentantiparrucchieri\/#\/schema\/person\/image\/","url":"https:\/\/secure.gravatar.com\/avatar\/998b3cd29a1090596a87dc728d0c25e1?s=96&d=mm&r=g","contentUrl":"https:\/\/secure.gravatar.com\/avatar\/998b3cd29a1090596a87dc728d0c25e1?s=96&d=mm&r=g","caption":"redazione"},"url":"https:\/\/globelife.com\/rappresentantiparrucchieri\/author\/redazione"}]}},"_links":{"self":[{"href":"https:\/\/globelife.com\/rappresentantiparrucchieri\/wp-json\/wp\/v2\/posts\/149"}],"collection":[{"href":"https:\/\/globelife.com\/rappresentantiparrucchieri\/wp-json\/wp\/v2\/posts"}],"about":[{"href":"https:\/\/globelife.com\/rappresentantiparrucchieri\/wp-json\/wp\/v2\/types\/post"}],"author":[{"embeddable":true,"href":"https:\/\/globelife.com\/rappresentantiparrucchieri\/wp-json\/wp\/v2\/users\/2"}],"replies":[{"embeddable":true,"href":"https:\/\/globelife.com\/rappresentantiparrucchieri\/wp-json\/wp\/v2\/comments?post=149"}],"version-history":[{"count":2,"href":"https:\/\/globelife.com\/rappresentantiparrucchieri\/wp-json\/wp\/v2\/posts\/149\/revisions"}],"predecessor-version":[{"id":164,"href":"https:\/\/globelife.com\/rappresentantiparrucchieri\/wp-json\/wp\/v2\/posts\/149\/revisions\/164"}],"wp:attachment":[{"href":"https:\/\/globelife.com\/rappresentantiparrucchieri\/wp-json\/wp\/v2\/media?parent=149"}],"wp:term":[{"taxonomy":"category","embeddable":true,"href":"https:\/\/globelife.com\/rappresentantiparrucchieri\/wp-json\/wp\/v2\/categories?post=149"},{"taxonomy":"post_tag","embeddable":true,"href":"https:\/\/globelife.com\/rappresentantiparrucchieri\/wp-json\/wp\/v2\/tags?post=149"}],"curies":[{"name":"wp","href":"https:\/\/api.w.org\/{rel}","templated":true}]}}